{"id":202,"date":"2018-11-19T14:09:37","date_gmt":"2018-11-19T14:09:37","guid":{"rendered":"http:\/\/medialekuenste.de\/?p=202"},"modified":"2018-11-23T14:28:39","modified_gmt":"2018-11-23T14:28:39","slug":"die-deg-ist-nominiert","status":"publish","type":"post","link":"http:\/\/medialekuenste.de\/?p=202","title":{"rendered":"Die DEG ist nominiert&#8230;"},"content":{"rendered":"\t\t<div class=\"elementor elementor-202\">\n\t\t\t<div class=\"elementor-inner\">\n\t\t\t\t<div class=\"elementor-section-wrap\">\n\t\t\t\t\t\t\t<section data-id=\"c09db55\" class=\"elementor-element elementor-element-c09db55 elementor-section-boxed elementor-section-height-default elementor-section-height-default elementor-section elementor-top-section\" data-element_type=\"section\">\n\t\t\t\t\t\t<div class=\"elementor-container elementor-column-gap-default\">\n\t\t\t\t<div class=\"elementor-row\">\n\t\t\t\t<div data-id=\"9dd689e\" class=\"elementor-element elementor-element-9dd689e elementor-column elementor-col-100 elementor-top-column\" data-element_type=\"column\">\n\t\t\t<div class=\"elementor-column-wrap elementor-element-populated\">\n\t\t\t\t\t<div class=\"elementor-widget-wrap\">\n\t\t\t\t<div data-id=\"e7d1d3b\" class=\"elementor-element elementor-element-e7d1d3b elementor-aspect-ratio-169 elementor-widget elementor-widget-video\" data-settings=\"{&quot;aspect_ratio&quot;:&quot;169&quot;}\" data-element_type=\"video.default\">\n\t\t\t\t<div class=\"elementor-widget-container\">\n\t\t\t\t\t<div class=\"elementor-wrapper elementor-fit-aspect-ratio elementor-open-inline\">\n\t\t\t<iframe class=\"elementor-video-iframe\" src=\"https:\/\/www.youtube.com\/embed\/yuYJ6_uSPnc?feature=oembed&amp;start&amp;end&amp;wmode=opaque&amp;loop=0&amp;controls=0&amp;mute=0&amp;showinfo=1&amp;rel=0&amp;modestbranding=0\" allowfullscreen><\/iframe>\t\t<\/div>\n\t\t\t<\/div>\n\t\t\t\t<\/div>\n\t\t\t\t\t\t<\/div>\n\t\t\t<\/div>\n\t\t<\/div>\n\t\t\t\t\t\t<\/div>\n\t\t\t<\/div>\n\t\t<\/section>\n\t\t\t\t<section data-id=\"24ad60f2\" class=\"elementor-element elementor-element-24ad60f2 elementor-section-boxed elementor-section-height-default elementor-section-height-default elementor-section elementor-top-section\" data-element_type=\"section\">\n\t\t\t\t\t\t<div class=\"elementor-container elementor-column-gap-default\">\n\t\t\t\t<div class=\"elementor-row\">\n\t\t\t\t<div data-id=\"68236e43\" class=\"elementor-element elementor-element-68236e43 elementor-column elementor-col-100 elementor-top-column\" data-element_type=\"column\">\n\t\t\t<div class=\"elementor-column-wrap elementor-element-populated\">\n\t\t\t\t\t<div class=\"elementor-widget-wrap\">\n\t\t\t\t<div data-id=\"5912a8c9\" class=\"elementor-element elementor-element-5912a8c9 elementor-widget elementor-widget-text-editor\" data-element_type=\"text-editor.default\">\n\t\t\t\t<div class=\"elementor-widget-container\">\n\t\t\t\t\t<div class=\"elementor-text-editor elementor-clearfix\"><p>&#8230;f\u00fcr einen Business-Award (Enterprise Business Collaboration Award \u2013 Best Knowledge Sharing Infrastructure) und wir durften das dazu passende Promotional Video gestalten. Es war ein wundervoller Dreh mit vielen tollen Menschen!<\/p><p>Wir hatten knapp drei Wochen Zeit, um das Video zu produzieren \u2013 neben unseren laufenden Auftr\u00e4gen. Gl\u00fccklicherweise bekamen wir hervorragende Unterst\u00fctzung von der Wissensmanagerin bei DEG, so dass die Produktion harmonisch und termingerecht fertiggestellt werden konnte. F\u00fcr die Harmonie war unsere Assistentin und Make-Up-Magierin Laura ma\u00dfgeblich verantwortlich!<\/p><p>Ziel war es, die bei DEG neu eingef\u00fchrten Apps <em>DEGbox<\/em> und <em>DEGfinder<\/em> in einem maximal zweimin\u00fctigen Video vorzustellen. <\/p><p>Thomas Toth (thomastoth.de) unterst\u00fctzte uns bei dieser Produktion, wof\u00fcr wir sehr dankbar sind. Er f\u00fchrte seine Sony Alpha auf einem Ronin Gimbal und produzierte dank passender Optik wundersch\u00f6ne dynamische Bilder. Seine Arbeit beim Editing rundete die Sache ab, so dass wir hier mit Stolz ein hochklassiges konservatives Business-Video mit charmantem Finale pr\u00e4sentieren k\u00f6nnen. <\/p><\/div>\n\t\t\t\t<\/div>\n\t\t\t\t<\/div>\n\t\t\t\t\t\t<\/div>\n\t\t\t<\/div>\n\t\t<\/div>\n\t\t\t\t\t\t<\/div>\n\t\t\t<\/div>\n\t\t<\/section>\n\t\t\t\t<section data-id=\"030f84c\" class=\"elementor-element elementor-element-030f84c elementor-section-boxed elementor-section-height-default elementor-section-height-default elementor-section elementor-top-section\" data-element_type=\"section\">\n\t\t\t\t\t\t<div class=\"elementor-container elementor-column-gap-default\">\n\t\t\t\t<div class=\"elementor-row\">\n\t\t\t\t<div data-id=\"ff45894\" class=\"elementor-element elementor-element-ff45894 elementor-column elementor-col-100 elementor-top-column\" data-element_type=\"column\">\n\t\t\t<div class=\"elementor-column-wrap elementor-element-populated\">\n\t\t\t\t\t<div class=\"elementor-widget-wrap\">\n\t\t\t\t<div data-id=\"96c82cf\" class=\"elementor-element elementor-element-96c82cf elementor-widget elementor-widget-text-editor\" data-element_type=\"text-editor.default\">\n\t\t\t\t<div class=\"elementor-widget-container\">\n\t\t\t\t\t<div class=\"elementor-text-editor elementor-clearfix\"><\/div>\n\t\t\t\t<\/div>\n\t\t\t\t<\/div>\n\t\t\t\t\t\t<\/div>\n\t\t\t<\/div>\n\t\t<\/div>\n\t\t\t\t\t\t<\/div>\n\t\t\t<\/div>\n\t\t<\/section>\n\t\t\t\t\t\t<\/div>\n\t\t\t<\/div>\n\t\t<\/div>\n\t\t","protected":false},"excerpt":{"rendered":"<p>&#8230;f\u00fcr einen Business-Award (Enterprise Business Collaboration Award \u2013 Best Knowledge Sharing Infrastructure) und wir durften das dazu passende Promotional Video gestalten. Es war ein wundervoller Dreh mit vielen tollen Menschen! Wir hatten knapp drei Wochen Zeit, um das Video zu produzieren \u2013 neben unseren laufenden Auftr\u00e4gen. Gl\u00fccklicherweise bekamen wir hervorragende Unterst\u00fctzung von der Wissensmanagerin bei &hellip; <\/p>\n<p class=\"link-more\"><a href=\"http:\/\/medialekuenste.de\/?p=202\" class=\"more-link\"><span class=\"screen-reader-text\">\u201eDie DEG ist nominiert&#8230;\u201c<\/span> weiterlesen<\/a><\/p>\n","protected":false},"author":1,"featured_media":0,"comment_status":"open","ping_status":"open","sticky":false,"template":"","format":"standard","meta":[],"categories":[1],"tags":[],"_links":{"self":[{"href":"http:\/\/medialekuenste.de\/index.php?rest_route=\/wp\/v2\/posts\/202"}],"collection":[{"href":"http:\/\/medialekuenste.de\/index.php?rest_route=\/wp\/v2\/posts"}],"about":[{"href":"http:\/\/medialekuenste.de\/index.php?rest_route=\/wp\/v2\/types\/post"}],"author":[{"embeddable":true,"href":"http:\/\/medialekuenste.de\/index.php?rest_route=\/wp\/v2\/users\/1"}],"replies":[{"embeddable":true,"href":"http:\/\/medialekuenste.de\/index.php?rest_route=%2Fwp%2Fv2%2Fcomments&post=202"}],"version-history":[{"count":5,"href":"http:\/\/medialekuenste.de\/index.php?rest_route=\/wp\/v2\/posts\/202\/revisions"}],"predecessor-version":[{"id":211,"href":"http:\/\/medialekuenste.de\/index.php?rest_route=\/wp\/v2\/posts\/202\/revisions\/211"}],"wp:attachment":[{"href":"http:\/\/medialekuenste.de\/index.php?rest_route=%2Fwp%2Fv2%2Fmedia&parent=202"}],"wp:term":[{"taxonomy":"category","embeddable":true,"href":"http:\/\/medialekuenste.de\/index.php?rest_route=%2Fwp%2Fv2%2Fcategories&post=202"},{"taxonomy":"post_tag","embeddable":true,"href":"http:\/\/medialekuenste.de\/index.php?rest_route=%2Fwp%2Fv2%2Ftags&post=202"}],"curies":[{"name":"wp","href":"https:\/\/api.w.org\/{rel}","templated":true}]}}